{"id":77627,"date":"2026-04-28T13:55:38","date_gmt":"2026-04-28T11:55:38","guid":{"rendered":"https:\/\/covermagazin.com\/?p=77627"},"modified":"2026-04-28T13:55:38","modified_gmt":"2026-04-28T11:55:38","slug":"kako-lazne-dojave-utjecu-na-djecu-skriveni-stres-o-kojem-se-premalo-govori","status":"publish","type":"post","link":"https:\/\/covermagazin.com\/?p=77627","title":{"rendered":"Kako la\u017ene dojave utje\u010du na djecu: skriveni stres o kojem se premalo govori"},"content":{"rendered":"\n<figure class=\"wp-block-image size-large\"><img loading=\"lazy\" decoding=\"async\" width=\"1024\" height=\"683\" src=\"https:\/\/covermagazin.com\/wp-content\/uploads\/2026\/04\/Kako-lazne-dojave-utjecu-na-djecu-1024x683.jpg\" alt=\"\" class=\"wp-image-77629\" srcset=\"https:\/\/covermagazin.com\/wp-content\/uploads\/2026\/04\/Kako-lazne-dojave-utjecu-na-djecu-1024x683.jpg 1024w, https:\/\/covermagazin.com\/wp-content\/uploads\/2026\/04\/Kako-lazne-dojave-utjecu-na-djecu-382x255.jpg 382w, https:\/\/covermagazin.com\/wp-content\/uploads\/2026\/04\/Kako-lazne-dojave-utjecu-na-djecu-768x512.jpg 768w, https:\/\/covermagazin.com\/wp-content\/uploads\/2026\/04\/Kako-lazne-dojave-utjecu-na-djecu.jpg 1200w\" sizes=\"auto, (max-width: 1024px) 100vw, 1024px\" \/><\/figure>\n\n\n\n<h2 class=\"wp-block-heading\">Kako la\u017ene dojave utje\u010du na djecu: skriveni stres o kojem se premalo govori<\/h2>\n\n\n\n<p>Nedavni doga\u0111aji vezani uz la\u017ene dojave o bombama u \u0161kolama i drugim institucijama izazvali su razumljivu zabrinutost me\u0111u roditeljima, nastavnicima i \u0161irom javnosti. Iako su se dojave pokazale neistinitima, njihov u\u010dinak na osje\u0107aj stresa, nesigurnosti i mentalnog zdravlja op\u0107enito ne mo\u017ee se podcijeniti.<\/p>\n\n\n\n<p>Djeca i mladi osobito su osjetljivi na osje\u0107aj nesigurnosti i prijetnje. Va\u017eno je naglasiti kako stres ne proizlazi samo iz velikih, dramati\u010dnih doga\u0111aja, ve\u0107 \u010desto i iz niza vi\u0161e manjih, ponavljaju\u0107ih stresnih situacija. Upravo takvi \u201emali stresovi&#8221;, poput u\u010destalih uzbuna, prekida nastave i izlo\u017eenosti lo\u0161im vijestima mogu imati kumulativni u\u010dinak i dugoro\u010dno biti jednako, a potencijalno i vi\u0161e optere\u0107uju\u0107i.<\/p>\n\n\n\n<p>U ovakvim okolnostima klju\u010dno je osigurati djeci stabilnost, osje\u0107aj sigurnosti i prostor za izra\u017eavanje osje\u0107aja. Roditelji i djelatnici odgojno obrazovnih ustanova svakako trebaju poticati otvorene razgovore, slu\u0161ati bez osu\u0111ivanja te pru\u017eiti jasne i to\u010dne informacije, prilago\u0111ene dobi te na smiren i obazriv na\u010din.<\/p>\n\n\n\n<p>Dodatni izazov predstavlja \u010dinjenica da su djeca i mladi danas izlo\u017eeni velikoj koli\u010dini negativnih i prijete\u0107ih sadr\u017eaja putem medija i dru\u0161tvenih mre\u017ea. U vremenu kada se brzo \u0161ire neprovjerene ili la\u017ene vijesti, osje\u0107aj opasnosti mo\u017ee biti poja\u010dan, a granica izme\u0111u stvarne i percipirane prijetnje sve te\u017ee razlu\u010diva. Kontinuirana izlo\u017eenost takvim sadr\u017eajima mo\u017ee pove\u0107ati anksioznost, osje\u0107aj nau\u010dene bespomo\u0107nosti te nesigurnosti op\u0107enito.<\/p>\n\n\n\n<blockquote class=\"wp-block-quote is-layout-flow wp-block-quote-is-layout-flow\">\n<p>Voditelj Psiholo\u0161kog centra <strong>Carpe Diem Domagoj Dalbello<\/strong> isti\u010de kako smo kao ljudi \u010desto skloni usmjeriti se na negativne i prijete\u0107e vijesti i sadr\u017eaje, bolje ih pamtiti te vi\u0161e razmi\u0161ljati o njima \u0161to je osobito rizi\u010dno upravo za djecu koja \u010desto nemaju dovoljno iskustva prepoznati istinu od la\u017enih vijesti te koja su \u010desto u osjetljivim razvojnim fazama. Tako\u0111er, stalna izlo\u017eenost prijete\u0107im sadr\u017eajima mo\u017ee stvoriti osje\u0107aj da je svijet opasnije mjesto nego \u0161to uistinu jest \u0161to mo\u017ee dovesti do osje\u0107aja anksioznosti i nemira, \u0161to je svakako lo\u0161e za mentalno zdravlje i zdrav razvoj.<\/p>\n<\/blockquote>\n\n\n\n<p>U ovakvim situacijama djeca \u010desto ne reagiraju samo na konkretan doga\u0111aj, ve\u0107 na ukupni osje\u0107aj nesigurnosti koji se postupno izgra\u0111uje. To mo\u017ee dovesti do kontinuirane tjeskobe te problema sa spavanjem i koncentracijom. Zato je iznimno va\u017eno da odrasli razgovaraju s djecom o la\u017enim vijestima i va\u017enosti provjeravanja izvora informacija, da ne poja\u010davaju paniku te da pomognu djeci kroz prisutnost i razgovor s djecom o onome \u0161to vide i \u010duju, \u0161to \u010desto mo\u017ee samo po sebi biti velika pomo\u0107 kako bi se vratio osje\u0107aj sigurnosti.<\/p>\n\n\n\n<p class=\"has-small-font-size\"><em><strong>Priop\u0107enje za medije Psiholo\u0161kog centra Carpe Diem<\/strong><\/em><\/p>\n","protected":false},"excerpt":{"rendered":"<p>Kako la\u017ene dojave utje\u010du na djecu: skriveni stres o kojem se premalo govori Nedavni doga\u0111aji vezani uz la\u017ene dojave o bombama u \u0161kolama i drugim institucijama izazvali su razumljivu zabrinutost me\u0111u roditeljima, nastavnicima i \u0161irom javnosti. Iako su se dojave pokazale neistinitima, njihov u\u010dinak na osje\u0107aj stresa, nesigurnosti i mentalnog zdravlja op\u0107enito ne mo\u017ee se [&hellip;]<\/p>\n","protected":false},"author":1,"featured_media":77629,"comment_status":"closed","ping_status":"open","sticky":false,"template":"","format":"standard","meta":{"footnotes":"","_links_to":"","_links_to_target":""},"categories":[15],"tags":[],"class_list":["post-77627","post","type-post","status-publish","format-standard","has-post-thumbnail","hentry","category-zanimljivo"],"_links":{"self":[{"href":"https:\/\/covermagazin.com\/index.php?rest_route=\/wp\/v2\/posts\/77627","targetHints":{"allow":["GET"]}}],"collection":[{"href":"https:\/\/covermagazin.com\/index.php?rest_route=\/wp\/v2\/posts"}],"about":[{"href":"https:\/\/covermagazin.com\/index.php?rest_route=\/wp\/v2\/types\/post"}],"author":[{"embeddable":true,"href":"https:\/\/covermagazin.com\/index.php?rest_route=\/wp\/v2\/users\/1"}],"replies":[{"embeddable":true,"href":"https:\/\/covermagazin.com\/index.php?rest_route=%2Fwp%2Fv2%2Fcomments&post=77627"}],"version-history":[{"count":1,"href":"https:\/\/covermagazin.com\/index.php?rest_route=\/wp\/v2\/posts\/77627\/revisions"}],"predecessor-version":[{"id":77630,"href":"https:\/\/covermagazin.com\/index.php?rest_route=\/wp\/v2\/posts\/77627\/revisions\/77630"}],"wp:featuredmedia":[{"embeddable":true,"href":"https:\/\/covermagazin.com\/index.php?rest_route=\/wp\/v2\/media\/77629"}],"wp:attachment":[{"href":"https:\/\/covermagazin.com\/index.php?rest_route=%2Fwp%2Fv2%2Fmedia&parent=77627"}],"wp:term":[{"taxonomy":"category","embeddable":true,"href":"https:\/\/covermagazin.com\/index.php?rest_route=%2Fwp%2Fv2%2Fcategories&post=77627"},{"taxonomy":"post_tag","embeddable":true,"href":"https:\/\/covermagazin.com\/index.php?rest_route=%2Fwp%2Fv2%2Ftags&post=77627"}],"curies":[{"name":"wp","href":"https:\/\/api.w.org\/{rel}","templated":true}]}}