{"id":77202,"date":"2026-01-14T13:07:19","date_gmt":"2026-01-14T11:07:19","guid":{"rendered":"https:\/\/covermagazin.com\/?p=77202"},"modified":"2026-01-14T13:07:19","modified_gmt":"2026-01-14T11:07:19","slug":"sto-s-psenicom-nakon-bozicnog-vremena","status":"publish","type":"post","link":"https:\/\/covermagazin.com\/?p=77202","title":{"rendered":"\u0160to s p\u0161enicom nakon bo\u017ei\u0107nog vremena?"},"content":{"rendered":"\n<figure class=\"wp-block-image size-large\"><img loading=\"lazy\" decoding=\"async\" width=\"1024\" height=\"683\" src=\"https:\/\/covermagazin.com\/wp-content\/uploads\/2026\/01\/Sto-s-psenicom-nakon-bozicnog-vremena-1024x683.jpg\" alt=\"\" class=\"wp-image-77203\" srcset=\"https:\/\/covermagazin.com\/wp-content\/uploads\/2026\/01\/Sto-s-psenicom-nakon-bozicnog-vremena-1024x683.jpg 1024w, https:\/\/covermagazin.com\/wp-content\/uploads\/2026\/01\/Sto-s-psenicom-nakon-bozicnog-vremena-382x255.jpg 382w, https:\/\/covermagazin.com\/wp-content\/uploads\/2026\/01\/Sto-s-psenicom-nakon-bozicnog-vremena-768x512.jpg 768w, https:\/\/covermagazin.com\/wp-content\/uploads\/2026\/01\/Sto-s-psenicom-nakon-bozicnog-vremena-150x100.jpg 150w, https:\/\/covermagazin.com\/wp-content\/uploads\/2026\/01\/Sto-s-psenicom-nakon-bozicnog-vremena.jpg 1200w\" sizes=\"auto, (max-width: 1024px) 100vw, 1024px\" \/><\/figure>\n\n\n\n<h2 class=\"wp-block-heading\">\u0160to s p\u0161enicom nakon bo\u017ei\u0107nog vremena?<\/h2>\n\n\n\n<p>Bo\u017ei\u0107na p\u0161enica jedan je od najprepoznatljivijih simbola blagdanskog razdoblja u Hrvatskoj. Sije se na blagdan svete Lucije ili svetog Nikole, njeguje se do Bo\u017ei\u0107a i simbolizira \u017eivot, obnovu, plodnost i nadu. No, nakon \u0161to pro\u0111u Bo\u017ei\u0107 i blagdani, mnogi se pitaju: \u0161to u\u010diniti s p\u0161enicom nakon bo\u017ei\u0107nog vremena?<\/p>\n\n\n\n<h3 class=\"wp-block-heading\">Zna\u010denje p\u0161enice u bo\u017ei\u0107noj tradiciji<\/h3>\n\n\n\n<p>P\u0161enica u bo\u017ei\u0107nom razdoblju ima sna\u017eno simboli\u010dno zna\u010denje. Zelena, gusta i zdrava p\u0161enica smatra se znakom blagoslova, obilja i dobre godine koja dolazi. \u010cesto se stavlja ispod bo\u017ei\u0107nog drvca ili na blagdanski stol, ponekad ukra\u0161ena vrpcom ili svije\u0107om.<\/p>\n\n\n\n<p>Upravo zbog tog zna\u010denja mnogima je va\u017eno p\u0161enicu nakon blagdana zbrinuti s po\u0161tovanjem, a ne jednostavno baciti.<\/p>\n\n\n\n<h3 class=\"wp-block-heading\">Kada se bo\u017ei\u0107na p\u0161enica uklanja?<\/h3>\n\n\n\n<p>U ve\u0107ini obi\u010daja p\u0161enica se uklanja nakon Bogojavljenja (6. sije\u010dnja), kada zavr\u0161ava bo\u017ei\u0107no vrijeme. U nekim krajevima to se \u010dini i ne\u0161to kasnije, ovisno o lokalnoj tradiciji i obiteljskim navikama.<\/p>\n\n\n\n<h3 class=\"wp-block-heading\">\u0160to u\u010diniti s p\u0161enicom nakon Bo\u017ei\u0107a?<\/h3>\n\n\n\n<ol class=\"wp-block-list\">\n<li><strong>Vratiti p\u0161enicu prirodi<\/strong><\/li>\n<\/ol>\n\n\n\n<p>Naj\u010de\u0161\u0107i i simboli\u010dki najprihvatljiviji na\u010din je zakopati p\u0161enicu u zemlju \u2013 u vrt, cvjetnjak ili posudu s biljkama. Time se simbolika \u017eivota i plodnosti vra\u0107a prirodi, a p\u0161enica postaje dio novog ciklusa rasta.<\/p>\n\n\n\n<ol start=\"2\" class=\"wp-block-list\">\n<li><strong>Baciti je na mjesto gdje je mogu pojesti ptice<\/strong><\/li>\n<\/ol>\n\n\n\n<p>U nekim obi\u010dajima p\u0161enica se rasipa u prirodi, primjerice na livadi ili u dvori\u0161tu, kako bi poslu\u017eila kao hrana pticama. Ovaj \u010din povezuje se s dijeljenjem obilja i zahvalno\u0161\u0107u.<\/p>\n\n\n\n<ol start=\"3\" class=\"wp-block-list\">\n<li><strong>Kompostirati p\u0161enicu<\/strong><\/li>\n<\/ol>\n\n\n\n<p>Ako imate komposter, bo\u017ei\u0107na p\u0161enica mo\u017ee se kompostirati. Na taj se na\u010din prirodno razgra\u0111uje i kasnije doprinosi plodnosti tla, \u0161to je u skladu s njezinim izvornim zna\u010denjem.<\/p>\n\n\n\n<ol start=\"4\" class=\"wp-block-list\">\n<li><strong>Sa\u010duvati zrna za sljede\u0107u godinu<\/strong><\/li>\n<\/ol>\n\n\n\n<p>Neki obi\u010daji nala\u017eu da se nekoliko zrna p\u0161enice sa\u010duva i koristi za sjetvu idu\u0107e godine. Time se simboli\u010dki prenosi kontinuitet, nada i obiteljska tradicija.<\/p>\n\n\n\n<h3 class=\"wp-block-heading\">\u0160to ne bi trebalo \u010diniti s bo\u017ei\u0107nom p\u0161enicom?<\/h3>\n\n\n\n<p>Iako ne postoji strogo pravilo, u narodnoj se predaji \u010desto smatra neprimjerenim baciti p\u0161enicu u sme\u0107e. Budu\u0107i da ima simboli\u010dnu i duhovnu vrijednost, preporu\u010duje se odabrati na\u010din koji pokazuje po\u0161tovanje prema tradiciji i zna\u010denju koje nosi.<\/p>\n\n\n\n<h3 class=\"wp-block-heading\">Obi\u010daji se razlikuju, ali poruka ostaje ista<\/h3>\n\n\n\n<p>Na\u010din na koji se postupa s p\u0161enicom nakon bo\u017ei\u0107nog vremena razlikuje se od kraja do kraja i od obitelji do obitelji. Ipak, zajedni\u010dka je poruka ista: zahvalnost za proteklu godinu i nada u onu koja dolazi.<\/p>\n\n\n\n<p>Bo\u017ei\u0107na p\u0161enica, i nakon \u0161to blagdani pro\u0111u, ostaje sna\u017ean podsjetnik na povezanost \u010dovjeka, prirode i tradicije, \u010dak i onda kada se njezino zelenilo polako izgubi.<\/p>\n","protected":false},"excerpt":{"rendered":"<p>\u0160to s p\u0161enicom nakon bo\u017ei\u0107nog vremena? Bo\u017ei\u0107na p\u0161enica jedan je od najprepoznatljivijih simbola blagdanskog razdoblja u Hrvatskoj. Sije se na blagdan svete Lucije ili svetog Nikole, njeguje se do Bo\u017ei\u0107a i simbolizira \u017eivot, obnovu, plodnost i nadu. No, nakon \u0161to pro\u0111u Bo\u017ei\u0107 i blagdani, mnogi se pitaju: \u0161to u\u010diniti s p\u0161enicom nakon bo\u017ei\u0107nog vremena? Zna\u010denje [&hellip;]<\/p>\n","protected":false},"author":1,"featured_media":77203,"comment_status":"closed","ping_status":"open","sticky":false,"template":"","format":"standard","meta":{"footnotes":"","_links_to":"","_links_to_target":""},"categories":[171],"tags":[],"class_list":["post-77202","post","type-post","status-publish","format-standard","has-post-thumbnail","hentry","category-cover-living"],"_links":{"self":[{"href":"https:\/\/covermagazin.com\/index.php?rest_route=\/wp\/v2\/posts\/77202","targetHints":{"allow":["GET"]}}],"collection":[{"href":"https:\/\/covermagazin.com\/index.php?rest_route=\/wp\/v2\/posts"}],"about":[{"href":"https:\/\/covermagazin.com\/index.php?rest_route=\/wp\/v2\/types\/post"}],"author":[{"embeddable":true,"href":"https:\/\/covermagazin.com\/index.php?rest_route=\/wp\/v2\/users\/1"}],"replies":[{"embeddable":true,"href":"https:\/\/covermagazin.com\/index.php?rest_route=%2Fwp%2Fv2%2Fcomments&post=77202"}],"version-history":[{"count":1,"href":"https:\/\/covermagazin.com\/index.php?rest_route=\/wp\/v2\/posts\/77202\/revisions"}],"predecessor-version":[{"id":77204,"href":"https:\/\/covermagazin.com\/index.php?rest_route=\/wp\/v2\/posts\/77202\/revisions\/77204"}],"wp:featuredmedia":[{"embeddable":true,"href":"https:\/\/covermagazin.com\/index.php?rest_route=\/wp\/v2\/media\/77203"}],"wp:attachment":[{"href":"https:\/\/covermagazin.com\/index.php?rest_route=%2Fwp%2Fv2%2Fmedia&parent=77202"}],"wp:term":[{"taxonomy":"category","embeddable":true,"href":"https:\/\/covermagazin.com\/index.php?rest_route=%2Fwp%2Fv2%2Fcategories&post=77202"},{"taxonomy":"post_tag","embeddable":true,"href":"https:\/\/covermagazin.com\/index.php?rest_route=%2Fwp%2Fv2%2Ftags&post=77202"}],"curies":[{"name":"wp","href":"https:\/\/api.w.org\/{rel}","templated":true}]}}