{"id":75245,"date":"2025-05-12T11:19:40","date_gmt":"2025-05-12T09:19:40","guid":{"rendered":"https:\/\/covermagazin.com\/?p=75245"},"modified":"2025-05-12T11:19:40","modified_gmt":"2025-05-12T09:19:40","slug":"rutinu-kave-uskladite-s-osobnim-rasporedom","status":"publish","type":"post","link":"https:\/\/covermagazin.com\/?p=75245","title":{"rendered":"Rutinu kave uskladite s osobnim rasporedom"},"content":{"rendered":"\n<figure class=\"wp-block-image size-large\"><img loading=\"lazy\" decoding=\"async\" width=\"1024\" height=\"683\" src=\"https:\/\/covermagazin.com\/wp-content\/uploads\/2025\/05\/rutina-kave-1024x683.jpg\" alt=\"\" class=\"wp-image-75368\" srcset=\"https:\/\/covermagazin.com\/wp-content\/uploads\/2025\/05\/rutina-kave-1024x683.jpg 1024w, https:\/\/covermagazin.com\/wp-content\/uploads\/2025\/05\/rutina-kave-382x255.jpg 382w, https:\/\/covermagazin.com\/wp-content\/uploads\/2025\/05\/rutina-kave-768x512.jpg 768w, https:\/\/covermagazin.com\/wp-content\/uploads\/2025\/05\/rutina-kave-150x100.jpg 150w, https:\/\/covermagazin.com\/wp-content\/uploads\/2025\/05\/rutina-kave.jpg 1200w\" sizes=\"auto, (max-width: 1024px) 100vw, 1024px\" \/><\/figure>\n\n\n\n<h2 class=\"wp-block-heading\">Rutinu kave uskladite s osobnim rasporedom<\/h2>\n\n\n\n<p>Ve\u0107ina nas voli kavu i popije po nekoliko \u0161alica dnevno, ali ako  vrijeme kada pijemo kavu nije uskla\u0111eno s ostalim rasporedom i dnevnim aktivnostima, mo\u017ee se desiti da kavu popijemo prekasno, \u0161to nam mo\u017ee na primjer pokvariti san ili sli\u010dno. <\/p>\n\n\n\n<p>Kava je mnogo vi\u0161e od pukog sredstva koje nas ujutro razbu\u0111uje. Mnogi ljudi zgrabe svoju prvu \u0161alicu odmah nakon \u0161to ustanu iz kreveta ne razmi\u0161ljaju\u0107i puno o kavi, ali pravo vrijeme \u010dini veliku razliku. Odaberete li prave trenutke za ispijanje ovog napitka, mo\u017eete imati istovremeno i zdravstvene prednosti i efekt podizanja energije. <\/p>\n\n\n\n<h3 class=\"wp-block-heading has-large-font-size\">Obrati pa\u017enju na vlastitu osjetljivost kad birate vrijeme za kavu <\/h3>\n\n\n\n<p>Va\u0161a osobna osjetljivost na kofein va\u017ena je kada kreirate svoj raspored kave. Ljudi koji brzo prera\u0111uju kofein mogu popiti kavu u popodnevnim satima. Drugi koji ga polako metaboliziraju moraju zadnju \u0161alicu kave popiti ranije tijekom dana. Va\u0161a dob i zdravstveno stanje tako\u0111er utje\u010du na to koliko kave trebate popiti.<\/p>\n\n\n\n<p>Va\u0161i geni igraju klju\u010dnu ulogu u na\u010dinu na koji va\u0161e tijelo reagira na kavu. To obja\u0161njava za\u0161to op\u0107e preporuke za kavu ne funkcioniraju na isti na\u010din za sve. Klju\u010d le\u017ei u personalizaciji unosa kave kako biste maksimizirali prednosti i smanjili nedostatke.<\/p>\n\n\n\n<p>Brzi naspram sporih metabolizatora: poznavanje va\u0161eg tipa<br>Gen CYP1A2 stvara enzim koji obra\u0111uje 95% kofeina u va\u0161em tijelu. Ljudi s AA genotipom su &#8220;brzi metabolizatori&#8221; i mogu se nositi s kofeinom do \u010detiri puta br\u017ee od onih s AC ili CC genotipovima (&#8220;spori metabolizatori&#8221;).<\/p>\n\n\n\n<p>Spori metabolizatori imaju tendenciju da osje\u0107aju ja\u010de i dugotrajnije u\u010dinke kofeina koji mogu trajati nekoliko sati. \u010cak i male koli\u010dine kave mogu ih ostaviti pretjerano stimuliranima. Ova genetska razlika poma\u017ee objasniti za\u0161to biste mogli biti osjetljivi na popodnevnu kavu dok va\u0161 prijatelj \u010dvrsto spava nakon ve\u010dernjeg espressa.<\/p>\n\n\n\n<p>Brzi metabolizatori zapravo mogu smanjiti rizik od hipertenzije redovitim pijenjem kave. Me\u0111utim, spori metabolizatori mogli bi se suo\u010diti s ve\u0107im kardiovaskularnim rizicima.<\/p>\n\n\n\n<h3 class=\"wp-block-heading has-large-font-size\">Prilagodba vremena za kavu na temelju dobi i zdravstvenog stanja<\/h3>\n\n\n\n<p>Na\u0161a osjetljivost na kofein obi\u010dno raste s godinama. Studije pokazuju da sredovje\u010dne i starije odrasle osobe sna\u017enije reagiraju na u\u010dinke kofeina na san, \u010dak i kada istra\u017eiva\u010di uzimaju u obzir \u010dimbenike nesanice povezane sa starenjem.<\/p>\n\n\n\n<p>Trudnice bi trebale dr\u017eati unos ispod 200 mg dnevno &#8211; oko jedne \u0161alice. Osobe koje uzimaju odre\u0111ene lijekove trebaju dodatni oprez jer kofein mo\u017ee stupiti u interakciju s razli\u010ditim tvarima.<\/p>\n\n\n\n<h3 class=\"wp-block-heading has-large-font-size\">Kad je najbolje vrijeme za jutarnju kavu<\/h3>\n\n\n\n<p>Najbolje vrijeme za ispijanje prve kave je oko 9:30 ujutro. Prirodna razina kortizola u va\u0161em tijelu u ovom trenutku bolje funkcionira s kofeinom. Pravo uparivanje doru\u010dka i brzina metabolizma tako\u0111er vam poma\u017eu da postignete brze rezultate i trajne zdravstvene prednosti. Op\u0161irnije: <a href=\"https:\/\/covermagazin.com\/?p=75014\">Kava za dobro jutro: Prednosti jutarnje kave<\/a><\/p>\n\n\n\n<h3 class=\"wp-block-heading has-large-font-size\">Kad popiti zadnju \u0161alicu kave<\/h3>\n\n\n\n<p>Najbolji na\u010din da personalizirate svoju rutinu po\u010dinje pra\u0107enjem dnevne razine energije. Obratite pozornost na to kako razli\u010dite koli\u010dine i vrijeme utje\u010du na va\u0161u budnost, kvalitetu sna i op\u0107u dobrobit.<\/p>\n\n\n\n<p>Sporim metabolizatorima mo\u017eda \u0107e trebati ranija &#8220;zadnja \u0161alica&#8221; &#8211; u podne umjesto u 14 sati, na primjer. Brzi metabolizatori obi\u010dno mogu kasnije u\u017eivati u kavi, pa popiti zadnju \u0161alicu kave oko 17 sati, a da se ipak no\u0107i dobro naspavaju. Op\u0161irnije: <a href=\"https:\/\/covermagazin.com\/?p=75058\">Kada piti kavu? Do koliko sati se pije kava?  <\/a><\/p>\n\n\n\n<p>Pronala\u017eenje idealnog rasporeda kave zahtijeva nekoliko poku\u0161aja i pogre\u0161aka. Zapo\u010dnite postupnim smanjenjem unosa, a ne iznenadnim prestankom. Neki se ljudi osje\u0107aju bolje kada nama\u017eu kavu tijekom jutra umjesto da je popiju odjednom. Prednosti kofeina mo\u017eete odr\u017eati ciklusom konzumacije &#8211; dva tjedna uklju\u010dena, dva tjedna pauze.<\/p>\n\n\n\n<p>Nastavite \u010ditati:<\/p>\n\n\n\n<p><a href=\"https:\/\/covermagazin.com\/?page_id=26765\">KAVA, sve o kavi i utjecaj kave na zdravlje <\/a><\/p>\n\n\n\n<figure class=\"wp-block-embed is-type-wp-embed is-provider-cover-magazin-com wp-block-embed-cover-magazin-com\"><div class=\"wp-block-embed__wrapper\">\n<blockquote class=\"wp-embedded-content\" data-secret=\"wmeAcpGSAh\"><a href=\"https:\/\/covermagazin.com\/?page_id=26765\">KAVA, sve o kavi i utjecaj kave na zdravlje<\/a><\/blockquote><iframe loading=\"lazy\" class=\"wp-embedded-content\" sandbox=\"allow-scripts\" security=\"restricted\" style=\"position: absolute; visibility: hidden;\" title=\"&#8220;KAVA, sve o kavi i utjecaj kave na zdravlje&#8221; &#8212; COVER magazin.com  \" src=\"https:\/\/covermagazin.com\/?page_id=26765&#038;embed=true#?secret=1pTa9JijEE#?secret=wmeAcpGSAh\" data-secret=\"wmeAcpGSAh\" width=\"500\" height=\"282\" frameborder=\"0\" marginwidth=\"0\" marginheight=\"0\" scrolling=\"no\"><\/iframe>\n<\/div><\/figure>\n","protected":false},"excerpt":{"rendered":"<p>Rutinu kave uskladite s osobnim rasporedom Ve\u0107ina nas voli kavu i popije po nekoliko \u0161alica dnevno, ali ako vrijeme kada pijemo kavu nije uskla\u0111eno s ostalim rasporedom i dnevnim aktivnostima, mo\u017ee se desiti da kavu popijemo prekasno, \u0161to nam mo\u017ee na primjer pokvariti san ili sli\u010dno. Kava je mnogo vi\u0161e od pukog sredstva koje nas [&hellip;]<\/p>\n","protected":false},"author":1,"featured_media":75368,"comment_status":"closed","ping_status":"open","sticky":false,"template":"","format":"standard","meta":{"footnotes":"","_links_to":"","_links_to_target":""},"categories":[15],"tags":[553],"class_list":["post-75245","post","type-post","status-publish","format-standard","has-post-thumbnail","hentry","category-zanimljivo","tag-kava"],"_links":{"self":[{"href":"https:\/\/covermagazin.com\/index.php?rest_route=\/wp\/v2\/posts\/75245","targetHints":{"allow":["GET"]}}],"collection":[{"href":"https:\/\/covermagazin.com\/index.php?rest_route=\/wp\/v2\/posts"}],"about":[{"href":"https:\/\/covermagazin.com\/index.php?rest_route=\/wp\/v2\/types\/post"}],"author":[{"embeddable":true,"href":"https:\/\/covermagazin.com\/index.php?rest_route=\/wp\/v2\/users\/1"}],"replies":[{"embeddable":true,"href":"https:\/\/covermagazin.com\/index.php?rest_route=%2Fwp%2Fv2%2Fcomments&post=75245"}],"version-history":[{"count":2,"href":"https:\/\/covermagazin.com\/index.php?rest_route=\/wp\/v2\/posts\/75245\/revisions"}],"predecessor-version":[{"id":75369,"href":"https:\/\/covermagazin.com\/index.php?rest_route=\/wp\/v2\/posts\/75245\/revisions\/75369"}],"wp:featuredmedia":[{"embeddable":true,"href":"https:\/\/covermagazin.com\/index.php?rest_route=\/wp\/v2\/media\/75368"}],"wp:attachment":[{"href":"https:\/\/covermagazin.com\/index.php?rest_route=%2Fwp%2Fv2%2Fmedia&parent=75245"}],"wp:term":[{"taxonomy":"category","embeddable":true,"href":"https:\/\/covermagazin.com\/index.php?rest_route=%2Fwp%2Fv2%2Fcategories&post=75245"},{"taxonomy":"post_tag","embeddable":true,"href":"https:\/\/covermagazin.com\/index.php?rest_route=%2Fwp%2Fv2%2Ftags&post=75245"}],"curies":[{"name":"wp","href":"https:\/\/api.w.org\/{rel}","templated":true}]}}