{"id":60549,"date":"2022-01-18T15:21:43","date_gmt":"2022-01-18T13:21:43","guid":{"rendered":"https:\/\/covermagazin.com\/?p=60549"},"modified":"2024-11-24T20:51:45","modified_gmt":"2024-11-24T18:51:45","slug":"wine-enogastro-vip-event-medunarodna-konferencija-vinskih-ugostiteljskih-i-gastronomskih-znalaca-2","status":"publish","type":"post","link":"https:\/\/covermagazin.com\/?p=60549","title":{"rendered":"Wine EnoGASTRO VIP Event &#8211; Me\u0111unarodna konferencija vinskih, ugostiteljskih i gastronomskih znalaca"},"content":{"rendered":"\n<figure class=\"wp-block-image size-full\"><img loading=\"lazy\" decoding=\"async\" width=\"600\" height=\"400\" src=\"https:\/\/covermagazin.com\/wp-content\/uploads\/2022\/01\/5-VIP-evenata-u-5-vrhunskih-enogastronomskih-regija-i-destinacija.jpg\" alt=\"\" class=\"wp-image-60558\" srcset=\"https:\/\/covermagazin.com\/wp-content\/uploads\/2022\/01\/5-VIP-evenata-u-5-vrhunskih-enogastronomskih-regija-i-destinacija.jpg 600w, https:\/\/covermagazin.com\/wp-content\/uploads\/2022\/01\/5-VIP-evenata-u-5-vrhunskih-enogastronomskih-regija-i-destinacija-382x255.jpg 382w, https:\/\/covermagazin.com\/wp-content\/uploads\/2022\/01\/5-VIP-evenata-u-5-vrhunskih-enogastronomskih-regija-i-destinacija-300x200.jpg 300w\" sizes=\"auto, (max-width: 600px) 100vw, 600px\" \/><\/figure>\n\n\n\n<h2 class=\"wp-block-heading\">5 VIP evenata u 5 vrhunskih enogastronomskih regija i destinacija<\/h2>\n\n\n\n<p>Wine EnoGASTRO VIP Eventi biti \u0107e organizirani i \u0161estu godinu zaredom.<\/p>\n\n\n\n<p>Tradicija se nastavlja i ovaj bogati enogastronomski doga\u0111aji koji imaju svoju autenti\u010dnost i posebnost u 2022.godini biti \u0107e orgabiziran u 5 vrhunskih enogastronomskih destinacija.<br>Organizator Dantes i tim agencije Ricerca Mercato sa svojim vrhunskim govornicima ve\u0107 \u0161estu godinu ovu lijepu pri\u010du \u201eprepri\u010dava\u201d diljem Hrvatske i do sada su \u201eispri\u010dali\u201d tj. organizirali 22 vrlo lijepa eventa u raznim destinacijama kao \u0161to su Rijeka, Split, Pore\u010d, Zadar, Vodice, Brtonigla, Zagreb, \u0160ibenik, Makarska, Opatija i Novalja.<\/p>\n\n\n\n<p><strong>Ove 2022.godine termini, gradovi i hoteli doma\u0107ini su:<br><\/strong>&#8211; <strong>Zadar <\/strong>Falkensteiner Hotel &amp; Spa Iadera <strong>*<\/strong> 15.o\u017eujak 2022.g.<\/p>\n\n\n\n<figure class=\"wp-block-image size-large\"><img loading=\"lazy\" decoding=\"async\" width=\"400\" height=\"400\" src=\"https:\/\/covermagazin.com\/wp-content\/uploads\/2022\/01\/Wine-EnoGASTRO-VIP-Event-Medunarodna-konferencija-vinskih-ugostiteljskih-i-gastronomskih-znalaca-1-2.jpg\" alt=\"\" class=\"wp-image-60557\" srcset=\"https:\/\/covermagazin.com\/wp-content\/uploads\/2022\/01\/Wine-EnoGASTRO-VIP-Event-Medunarodna-konferencija-vinskih-ugostiteljskih-i-gastronomskih-znalaca-1-2.jpg 400w, https:\/\/covermagazin.com\/wp-content\/uploads\/2022\/01\/Wine-EnoGASTRO-VIP-Event-Medunarodna-konferencija-vinskih-ugostiteljskih-i-gastronomskih-znalaca-1-2-262x262.jpg 262w\" sizes=\"auto, (max-width: 400px) 100vw, 400px\" \/><\/figure>\n\n\n\n<p><br>&#8211; <strong>Split <\/strong>Safir Hotel Amphora **** 17.o\u017eujak 2022.g.<\/p>\n\n\n\n<figure class=\"wp-block-image size-large\"><img loading=\"lazy\" decoding=\"async\" width=\"400\" height=\"400\" src=\"https:\/\/covermagazin.com\/wp-content\/uploads\/2022\/01\/Wine-EnoGASTRO-VIP-Event-Medunarodna-konferencija-vinskih-ugostiteljskih-i-gastronomskih-znalaca-2.jpg\" alt=\"\" class=\"wp-image-60553\" srcset=\"https:\/\/covermagazin.com\/wp-content\/uploads\/2022\/01\/Wine-EnoGASTRO-VIP-Event-Medunarodna-konferencija-vinskih-ugostiteljskih-i-gastronomskih-znalaca-2.jpg 400w, https:\/\/covermagazin.com\/wp-content\/uploads\/2022\/01\/Wine-EnoGASTRO-VIP-Event-Medunarodna-konferencija-vinskih-ugostiteljskih-i-gastronomskih-znalaca-2-262x262.jpg 262w\" sizes=\"auto, (max-width: 400px) 100vw, 400px\" \/><\/figure>\n\n\n\n<p><br>&#8211; <strong>Zagreb<\/strong> Hotel The Westin Zagreb ***** 24.o\u017eujak 2022.g.<\/p>\n\n\n\n<figure class=\"wp-block-image size-large\"><img loading=\"lazy\" decoding=\"async\" width=\"400\" height=\"400\" src=\"https:\/\/covermagazin.com\/wp-content\/uploads\/2022\/01\/Wine-EnoGASTRO-VIP-Event-Medunarodna-konferencija-vinskih-ugostiteljskih-i-gastronomskih-znalaca-3.jpg\" alt=\"\" class=\"wp-image-60552\" srcset=\"https:\/\/covermagazin.com\/wp-content\/uploads\/2022\/01\/Wine-EnoGASTRO-VIP-Event-Medunarodna-konferencija-vinskih-ugostiteljskih-i-gastronomskih-znalaca-3.jpg 400w, https:\/\/covermagazin.com\/wp-content\/uploads\/2022\/01\/Wine-EnoGASTRO-VIP-Event-Medunarodna-konferencija-vinskih-ugostiteljskih-i-gastronomskih-znalaca-3-262x262.jpg 262w\" sizes=\"auto, (max-width: 400px) 100vw, 400px\" \/><\/figure>\n\n\n\n<p><br>&#8211; <strong>Rijeka <\/strong>Hotel Bonavia Plava Laguna **** 29.o\u017eujak 2022.g.<\/p>\n\n\n\n<figure class=\"wp-block-image size-large\"><img loading=\"lazy\" decoding=\"async\" width=\"400\" height=\"400\" src=\"https:\/\/covermagazin.com\/wp-content\/uploads\/2022\/01\/Wine-EnoGASTRO-VIP-Event-Medunarodna-konferencija-vinskih-ugostiteljskih-i-gastronomskih-znalaca-4.jpg\" alt=\"\" class=\"wp-image-60551\" srcset=\"https:\/\/covermagazin.com\/wp-content\/uploads\/2022\/01\/Wine-EnoGASTRO-VIP-Event-Medunarodna-konferencija-vinskih-ugostiteljskih-i-gastronomskih-znalaca-4.jpg 400w, https:\/\/covermagazin.com\/wp-content\/uploads\/2022\/01\/Wine-EnoGASTRO-VIP-Event-Medunarodna-konferencija-vinskih-ugostiteljskih-i-gastronomskih-znalaca-4-262x262.jpg 262w\" sizes=\"auto, (max-width: 400px) 100vw, 400px\" \/><\/figure>\n\n\n\n<p><br>&#8211; <strong>Novigrad <\/strong>Marina &amp; Hotel Nautica **** 31.o\u017eujak 2022.g.<\/p>\n\n\n\n<figure class=\"wp-block-image size-large\"><img loading=\"lazy\" decoding=\"async\" width=\"400\" height=\"400\" src=\"https:\/\/covermagazin.com\/wp-content\/uploads\/2022\/01\/Wine-EnoGASTRO-VIP-Event-Medunarodna-konferencija-vinskih-ugostiteljskih-i-gastronomskih-znalaca-5.jpg\" alt=\"\" class=\"wp-image-60550\" srcset=\"https:\/\/covermagazin.com\/wp-content\/uploads\/2022\/01\/Wine-EnoGASTRO-VIP-Event-Medunarodna-konferencija-vinskih-ugostiteljskih-i-gastronomskih-znalaca-5.jpg 400w, https:\/\/covermagazin.com\/wp-content\/uploads\/2022\/01\/Wine-EnoGASTRO-VIP-Event-Medunarodna-konferencija-vinskih-ugostiteljskih-i-gastronomskih-znalaca-5-262x262.jpg 262w\" sizes=\"auto, (max-width: 400px) 100vw, 400px\" \/><\/figure>\n\n\n\n<p>Destinacije, hoteli, termini, govornici, programi kao i partneri izlaga\u010di su izvrsni i o\u010dekuje se jako dobar odaziv gostiju i HoReCa uzvanika.<br>Iznimno kvalitetan edukativni program biti \u0107e oboga\u0107en vrlo posebnim edukacijskim gastronomskim prezentacijama raznih lokalnih specijaliteta a ove godine na eventima biti \u0107e puno i novih radionica.<\/p>\n\n\n\n<p>Veliki naglasak je na Hrvatskim lokalnim proizvo\u0111a\u010dima i promociji lokalnih enogastronomija kao i na edukaciji svih aktera na\u0161eg turizma. Posebnost doga\u0111aja je i ta da su organizator Dantes i tim agenicje Ricerca Mercato u suradnji sa brojnim partnerima i izlaga\u010dima svojim gostima omogu\u0107ili sve besplatno \u2013 od besplatnog ulaza, besplatno kori\u0161tenje \u010da\u0161e (bez kaucije i bonova), besplatne razne radionice i edukacije te besplatno sudjelovanje u Cooking showu.<\/p>\n\n\n\n<p>Glavni ciljevi eventa su EDUKACIJA HoReCa sektora tj. ugostiteljsko-turisti\u010dke struke i proizvo\u0111a\u010da vina i raznih delicija te njihovo me\u0111usobno poslovno povezivanje, kao i podizanje razine znanja, kvalitete ponude i usluge.<\/p>\n\n\n\n<p>Eventi imaju i humanitarnu notu tako da \u0107e biti organiziran i humanitarni Cooking Show.<\/p>\n\n\n\n<p>Od samoga po\u010detka vrlo velik je interes za eventima i partnera i uzvanika\/gostiju te iz godine u godinu dodatno raste. Organizator \u0107e kao i do sada prvo ponuditi dosada\u0161nje partnere, a svi potenicjano zainteresirani partneri i izlaga\u010di koji \u017eele biti dio ovih lijepih evenata mogu se obratiti sa iskazanim interesom i upitom direktno na email: info@dantes.biz<\/p>\n","protected":false},"excerpt":{"rendered":"<p>Organizator Dantes i tim agencije Ricerca Mercato sa svojim vrhunskim govornicima ve\u0107 \u0161estu godinu ovu lijepu pri\u010du \u201eprepri\u010dava\u201d diljem Hrvatske i do sada su \u201eispri\u010dali\u201d tj. organizirali 22 vrlo lijepa eventa u raznim destinacijama kao \u0161to su Rijeka, Split, Pore\u010d, Zadar, Vodice, Brtonigla, Zagreb, \u0160ibenik, Makarska, Opatija i Novalja.<\/p>\n","protected":false},"author":1,"featured_media":60558,"comment_status":"closed","ping_status":"open","sticky":false,"template":"","format":"standard","meta":{"footnotes":"","_links_to":"","_links_to_target":""},"categories":[171],"tags":[],"class_list":["post-60549","post","type-post","status-publish","format-standard","has-post-thumbnail","hentry","category-cover-living"],"_links":{"self":[{"href":"https:\/\/covermagazin.com\/index.php?rest_route=\/wp\/v2\/posts\/60549","targetHints":{"allow":["GET"]}}],"collection":[{"href":"https:\/\/covermagazin.com\/index.php?rest_route=\/wp\/v2\/posts"}],"about":[{"href":"https:\/\/covermagazin.com\/index.php?rest_route=\/wp\/v2\/types\/post"}],"author":[{"embeddable":true,"href":"https:\/\/covermagazin.com\/index.php?rest_route=\/wp\/v2\/users\/1"}],"replies":[{"embeddable":true,"href":"https:\/\/covermagazin.com\/index.php?rest_route=%2Fwp%2Fv2%2Fcomments&post=60549"}],"version-history":[{"count":1,"href":"https:\/\/covermagazin.com\/index.php?rest_route=\/wp\/v2\/posts\/60549\/revisions"}],"predecessor-version":[{"id":60559,"href":"https:\/\/covermagazin.com\/index.php?rest_route=\/wp\/v2\/posts\/60549\/revisions\/60559"}],"wp:featuredmedia":[{"embeddable":true,"href":"https:\/\/covermagazin.com\/index.php?rest_route=\/wp\/v2\/media\/60558"}],"wp:attachment":[{"href":"https:\/\/covermagazin.com\/index.php?rest_route=%2Fwp%2Fv2%2Fmedia&parent=60549"}],"wp:term":[{"taxonomy":"category","embeddable":true,"href":"https:\/\/covermagazin.com\/index.php?rest_route=%2Fwp%2Fv2%2Fcategories&post=60549"},{"taxonomy":"post_tag","embeddable":true,"href":"https:\/\/covermagazin.com\/index.php?rest_route=%2Fwp%2Fv2%2Ftags&post=60549"}],"curies":[{"name":"wp","href":"https:\/\/api.w.org\/{rel}","templated":true}]}}