{"id":52897,"date":"2021-01-28T08:15:39","date_gmt":"2021-01-28T06:15:39","guid":{"rendered":"https:\/\/covermagazin.com\/?p=52897"},"modified":"2024-10-07T08:12:04","modified_gmt":"2024-10-07T06:12:04","slug":"da-li-je-lose-spavati-duze","status":"publish","type":"post","link":"https:\/\/covermagazin.com\/?p=52897","title":{"rendered":"Da li je lo\u0161e spavati du\u017ee"},"content":{"rendered":"<h3><img loading=\"lazy\" decoding=\"async\" class=\"alignnone size-full wp-image-52898\" src=\"https:\/\/covermagazin.com\/wp-content\/uploads\/2021\/01\/portal_Da-li-je-lose-spavati-duze_Cover.jpg\" alt=\"\" width=\"600\" height=\"400\" srcset=\"https:\/\/covermagazin.com\/wp-content\/uploads\/2021\/01\/portal_Da-li-je-lose-spavati-duze_Cover.jpg 600w, https:\/\/covermagazin.com\/wp-content\/uploads\/2021\/01\/portal_Da-li-je-lose-spavati-duze_Cover-382x255.jpg 382w, https:\/\/covermagazin.com\/wp-content\/uploads\/2021\/01\/portal_Da-li-je-lose-spavati-duze_Cover-300x200.jpg 300w\" sizes=\"auto, (max-width: 600px) 100vw, 600px\" \/><\/h3>\n<h3>Da li je lo\u0161e spavati du\u017ee<\/h3>\n<p>Dnevne potrebe za snom nisu kod svih iste, no postoje odre\u0111ene norme unutar kojih bi trebali biti. Ukoliko <a href=\"https:\/\/covermagazin.com\/?p=18476\">nesanica<\/a> traje du\u017ee, te do\u0111e do kroni\u010dnog nedostatka sna to mo\u017ee utjecati na druga podru\u010dja \u017eivota. No, isto tako ukoliko osoba kroni\u010dno spava vi\u0161e od prosje\u010dnih potreba za snom, tako\u0111er mo\u017ee imati negativne efekte kao i od premalo sna.<\/p>\n<p>Prosje\u010dno odrasloj zdravoj osobi je potrebno dnevno 7-9 sati sna dok je prihvatljivo odstupanje i za osobe do 25 godina i 10 do 11 sati sna, te za osobe do 65 do 10 sati sna, te za osobe preko 65 godina 9 sati sna.<\/p>\n<p>Koliko vam sna dnevno treba provjerite tu: <a href=\"https:\/\/covermagazin.com\/?p=52493\">Koliko mi sna treba?<\/a><\/p>\n<p>Ponekad je te\u0161ko definirati da je previ\u0161e sna posljedica odre\u0111enog stanja ili je to stanje rezultat previ\u0161e sna, odnosno definirati \u0161to je uzro a \u0161to posljedica, no u svakom slu\u010daju obratite pa\u017enju.<\/p>\n<p>Previ\u0161e sna je povezano s nekim zdravstvenim problemima poput:<br \/>\n&#8211; anksioznosti<br \/>\n&#8211; depresije<br \/>\n&#8211; dijabetesa<br \/>\n&#8211; astme<br \/>\n&#8211; kardiovaskularne bolesti<br \/>\n&#8211; prekomjerna tjelesna te\u017eina<br \/>\n&#8211; glavobolje<\/p>\n<p>Za\u0161to osobe spavaju previ\u0161e?<br \/>\nMogu postojati razli\u010diti uzroci za previ\u0161e sna me\u0111u kojima su anksioznost, niska razina energije, umor.<\/p>\n<p>Ukoliko osoba ponekad spava du\u017ee to mogu biti razlozi pove\u0107anih napora, nadokna\u0111ivanja sna, umora&#8230;<\/p>\n<p>Vezano:<\/p>\n<blockquote class=\"wp-embedded-content\" data-secret=\"4fxSkQrnTi\"><p><a href=\"https:\/\/www.testovi.covermagazin.com\/?p=592\">50 savjeta kako spavati bolje<\/a><\/p><\/blockquote>\n<p><iframe loading=\"lazy\" class=\"wp-embedded-content\" sandbox=\"allow-scripts\" security=\"restricted\" style=\"position: absolute; clip: rect(1px, 1px, 1px, 1px);\" title=\"&#8220;50 savjeta kako spavati bolje&#8221; &#8212; OSOBNI RAZVOJ\" src=\"https:\/\/www.testovi.covermagazin.com\/?p=592&#038;embed=true#?secret=Kc1GFDwJcX#?secret=4fxSkQrnTi\" data-secret=\"4fxSkQrnTi\" width=\"500\" height=\"282\" frameborder=\"0\" marginwidth=\"0\" marginheight=\"0\" scrolling=\"no\"><\/iframe><\/p>\n<blockquote class=\"wp-embedded-content\" data-secret=\"5lYt3SvpB8\"><p><a href=\"https:\/\/covermagazin.com\/?p=21748\">Dnevna pospanost &#8211;  kako je se rije\u0161iti [ ZDRAVLJE ]<\/a><\/p><\/blockquote>\n<p><iframe loading=\"lazy\" class=\"wp-embedded-content\" sandbox=\"allow-scripts\" security=\"restricted\" style=\"position: absolute; clip: rect(1px, 1px, 1px, 1px);\" title=\"&#8220;Dnevna pospanost &#8211;  kako je se rije\u0161iti [ ZDRAVLJE ]&#8221; &#8212; COVERmagazin.com\" src=\"https:\/\/covermagazin.com\/?p=21748&#038;embed=true#?secret=M1Qy4IJyED#?secret=5lYt3SvpB8\" data-secret=\"5lYt3SvpB8\" width=\"500\" height=\"282\" frameborder=\"0\" marginwidth=\"0\" marginheight=\"0\" scrolling=\"no\"><\/iframe><\/p>\n<blockquote class=\"wp-embedded-content\" data-secret=\"u8B2JwbyJN\"><p><a href=\"https:\/\/covermagazin.com\/?p=20044\">Kroni\u010dni umor i iscrpljenost [ ZDRAVLJE ]<\/a><\/p><\/blockquote>\n<p><iframe loading=\"lazy\" class=\"wp-embedded-content\" sandbox=\"allow-scripts\" security=\"restricted\" style=\"position: absolute; clip: rect(1px, 1px, 1px, 1px);\" title=\"&#8220;Kroni\u010dni umor i iscrpljenost [ ZDRAVLJE ]&#8221; &#8212; COVERmagazin.com\" src=\"https:\/\/covermagazin.com\/?p=20044&#038;embed=true#?secret=GmbTBxSJMS#?secret=u8B2JwbyJN\" data-secret=\"u8B2JwbyJN\" width=\"500\" height=\"282\" frameborder=\"0\" marginwidth=\"0\" marginheight=\"0\" scrolling=\"no\"><\/iframe><\/p>\n<p>&nbsp;<\/p>\n<p>&nbsp;<\/p>\n","protected":false},"excerpt":{"rendered":"<p>Da li je lo\u0161e spavati du\u017ee Dnevne potrebe za snom nisu kod svih iste, no postoje odre\u0111ene norme unutar kojih bi trebali biti. Ukoliko nesanica traje du\u017ee, te do\u0111e do kroni\u010dnog nedostatka sna to mo\u017ee utjecati na druga podru\u010dja \u017eivota. No, isto tako ukoliko osoba kroni\u010dno spava vi\u0161e od prosje\u010dnih potreba za snom, tako\u0111er mo\u017ee [&hellip;]<\/p>\n","protected":false},"author":1,"featured_media":52898,"comment_status":"closed","ping_status":"open","sticky":false,"template":"","format":"standard","meta":{"footnotes":"","_links_to":"","_links_to_target":""},"categories":[15],"tags":[102,192],"class_list":["post-52897","post","type-post","status-publish","format-standard","has-post-thumbnail","hentry","category-zanimljivo","tag-nesanica","tag-nesanica-cover"],"_links":{"self":[{"href":"https:\/\/covermagazin.com\/index.php?rest_route=\/wp\/v2\/posts\/52897","targetHints":{"allow":["GET"]}}],"collection":[{"href":"https:\/\/covermagazin.com\/index.php?rest_route=\/wp\/v2\/posts"}],"about":[{"href":"https:\/\/covermagazin.com\/index.php?rest_route=\/wp\/v2\/types\/post"}],"author":[{"embeddable":true,"href":"https:\/\/covermagazin.com\/index.php?rest_route=\/wp\/v2\/users\/1"}],"replies":[{"embeddable":true,"href":"https:\/\/covermagazin.com\/index.php?rest_route=%2Fwp%2Fv2%2Fcomments&post=52897"}],"version-history":[{"count":2,"href":"https:\/\/covermagazin.com\/index.php?rest_route=\/wp\/v2\/posts\/52897\/revisions"}],"predecessor-version":[{"id":69241,"href":"https:\/\/covermagazin.com\/index.php?rest_route=\/wp\/v2\/posts\/52897\/revisions\/69241"}],"wp:featuredmedia":[{"embeddable":true,"href":"https:\/\/covermagazin.com\/index.php?rest_route=\/wp\/v2\/media\/52898"}],"wp:attachment":[{"href":"https:\/\/covermagazin.com\/index.php?rest_route=%2Fwp%2Fv2%2Fmedia&parent=52897"}],"wp:term":[{"taxonomy":"category","embeddable":true,"href":"https:\/\/covermagazin.com\/index.php?rest_route=%2Fwp%2Fv2%2Fcategories&post=52897"},{"taxonomy":"post_tag","embeddable":true,"href":"https:\/\/covermagazin.com\/index.php?rest_route=%2Fwp%2Fv2%2Ftags&post=52897"}],"curies":[{"name":"wp","href":"https:\/\/api.w.org\/{rel}","templated":true}]}}