{"id":51624,"date":"2026-03-06T11:48:55","date_gmt":"2026-03-06T09:48:55","guid":{"rendered":"https:\/\/covermagazin.com\/?p=51624"},"modified":"2026-03-22T21:06:12","modified_gmt":"2026-03-22T19:06:12","slug":"za-koliko-dana-je-proljece-2021","status":"publish","type":"post","link":"https:\/\/covermagazin.com\/?p=51624","title":{"rendered":"Za koliko dana je prolje\u0107e 2026."},"content":{"rendered":"\n<p><a href=\"https:\/\/covermagazin.com\/?attachment_id=51625\" rel=\"attachment wp-att-51625\"><img loading=\"lazy\" decoding=\"async\" class=\"alignnone size-full wp-image-51625\" src=\"https:\/\/covermagazin.com\/wp-content\/uploads\/2021\/01\/Za-koliko-dana-je-proljece.jpg\" alt=\"Za koliko dana je prolje\u0107e 2022.\" width=\"600\" height=\"398\" srcset=\"https:\/\/covermagazin.com\/wp-content\/uploads\/2021\/01\/Za-koliko-dana-je-proljece.jpg 600w, https:\/\/covermagazin.com\/wp-content\/uploads\/2021\/01\/Za-koliko-dana-je-proljece-382x253.jpg 382w, https:\/\/covermagazin.com\/wp-content\/uploads\/2021\/01\/Za-koliko-dana-je-proljece-300x200.jpg 300w\" sizes=\"auto, (max-width: 600px) 100vw, 600px\" \/><\/a><\/p>\n\n\n\n<h2 class=\"wp-block-heading\">Za koliko dana je prolje\u0107e 2026.<\/h2>\n\n\n\n<p>Prolje\u0107e je omiljeno godi\u0161nje doba mnogih ljudi. Prolje\u0107e ove godine  zapo\u010dinje 20. o\u017eujka i zavr\u0161ava 20. lipnja kada po\u010dinje ljeto.<\/p>\n\n\n\n<p>Prolje\u0107e 2026. po\u010dinje 20.03.2026.<\/p>\n\n\n\n<h3 class=\"wp-block-heading\"><span style=\"color: #915473;\">Prolje\u0107e 2026. po\u010delo je prije<\/span><\/h3>\n\n\n\n<figure class=\"wp-block-table widefat\"><table><tbody><tr><td>\n<h3><span style=\"color: #8a5b72;\"><\/span><\/h3>\n<\/td><\/tr><\/tbody><\/table><\/figure>\n\n\n\n<h3 class=\"wp-block-heading\"><span style=\"color: #915473;\"> dana.<\/span><\/h3>\n\n\n\n<p>Iako ste vjerojatno u\u010dili kako prolje\u0107e po\u010dinje 21. o\u017eujka, \u010dinjenica da ove godine prolje\u0107e zapravo zapo\u010dinje 20. o\u017eujka mo\u017ee vas zbuniti, ali nije iznena\u0111uju\u0107a. Prolje\u0107e astronomski zapo\u010dinje na proljetni ekvinocij, ravnodnevnicu, kada su dan i no\u0107 jednaki, odnosno kada svijetli dio dana traje 12 sati, jednako kao i tamni dio dana. Zapravo, prolje\u0107e koje zapo\u010dinje 21. o\u017eujka za svoga \u017eivota vjerojatno vi\u0161e ne\u0107ete vidjeti, jer sljede\u0107i put prolje\u0107e \u0107e zapo\u010deti 21. o\u017eujka tek 2101.<\/p>\n\n\n\n<p>Prolje\u0107e je vrijeme kada se mi i sve oko nas budi iz zimske uspavanosti. Dani postaju sve dulji i dulji, te vi\u0161e vremena imamo za ono \u0161to volimo. \u010cini se kako zemlja i priroda oko nas zapo\u010dinju disati punim plu\u0107ima, donose\u0107i pozitivno raspolo\u017eenje i optimizam svima koji \u017eele. I bez obzira \u0161to prolje\u0107e dolazi iznova svake godine, nikada se ne mo\u017eemo zasitit njegove ljepote i njegovog optimizma. To je razdoblje kada se mnogi zaljubljuju, pri\u010daju bez razmi\u0161ljanja, pretvaraju svoje planove u djela, rade i govore ono \u0161to ina\u010de ne bi. Prolje\u0107e je doba godine kada smo istinski svoji, bez sputavanja i ograni\u010denja, kada sa sebe skidamo te\u0161ke zimske kapute, a iz sebe izbacujemo te\u0161ke zimske misli. Mnogo ba\u0161 kroz prolje\u0107e imaju potrebu o\u010distiti dom, ali sebe, pro\u0107i kroz kuru proljetnog \u010di\u0161\u0107enja, i\u0107i na dijetu, promijeniti svoje navike i sve ono \u0161to im ote\u017eava tijelo i du\u0161u. Prolje\u0107e nas inspirira na promjenu, na ponovno ra\u0111anje ideja, perspektiva, obnavljanje prijateljstva i stvaranje novih. Prolje\u0107e nam sugerira da se i mi mo\u017eemo ba\u0161 poput zemlje mijenjati, otvarati novim idejama, ostaviti one stare u zaboravu.<\/p>\n\n\n\n<p>Prolje\u0107e je idealno godi\u0161nje doba za zapo\u010dinjanje novih aktivnosti, bu\u0111enje iz zimske pospanosti, jer je prolje\u0107e doba godine u kojem se sve budi i sve o\u017eivljava. \u017divotinje se bude iz zimskog sna, a stabla se bude i cvjetaju. Ispod su neki \u010dlanci koji vam mogu pomo\u0107i da \u0161to ljep\u0161e i korisnije provedete ovo razdoblje kako bi prolje\u0107e i vama bilo najljep\u0161e razdoblje u godini.<\/p>\n\n\n\n<p>Bez obzira slavili prolje\u0107e kalendarski, astronomski ili duhovno svi \u0107emo osjetiti kako je u zraku i me\u0111u ljudima osje\u0107aj novih po\u010detaka, uzbu\u0111enja zbog novog ra\u0111anja prirode i svega onoga \u0161to nas o\u010dekuje u razdoblju pred nama.<\/p>\n\n\n\n<p>Prolje\u0107e je izazovno razdoblje za sve ljude, poti\u010de nas za ostavimo iza sebe pro\u0161lost kojom se ne ponosimo i poku\u0161amo biti otvoreni za sve nove prilike pred sobom. Ipak, nepredvidivo i \u0107udljivo raspolo\u017eenje je ono na \u0161to trebamo biti spremni, svjesni da \u0107e ga proljetne radosti s lako\u0107om nadvladati.<\/p>\n\n\n\n<p>U \u017eivotu se prolje\u0107e povezuje s mladim godinama i mladena\u010dkom razigrano\u0161\u0107u, a vi ga mo\u017eete povezati s bu\u0111enjem te iste u sebi. Vjetar i ki\u0161e tipi\u010dne za prolje\u0107e su ono \u0161to obilje\u017eava i tinejd\u017eerske dane, ostavljaju\u0107i djecu nesigurnima i izlo\u017eenima, ali opet s ljepotom i naznakama ljeta i toplijeg doba, kada se vremenski uvjeti smiruju, te vrijeme postaje sve predvidljivije. Prolje\u0107e je divlje i nije zapravo lagano, tada se priprema zemlja za sve ono \u0161to \u0107e se raditi u sljede\u0107im mjesecima, me\u0111utim, ve\u0107ina \u0107e se slo\u017eiti da nema ljep\u0161eg godi\u0161njeg doba od prolje\u0107a bez obzira na sve pote\u0161ko\u0107e i iznena\u0111enja koja sa sobom nosi.<\/p>\n\n\n\n<p><a href=\"https:\/\/covermagazin.com\/?p=25609\">Kako u\u017eivati u prolje\u0107u i pobijediti proljetni umor [ ZDRAVLJE ] \u2013 COVER magazin.com<\/a><\/p>\n\n\n\n<figure class=\"wp-block-embed is-type-wp-embed is-provider-covermagazin-com wp-block-embed-covermagazin-com\"><div class=\"wp-block-embed__wrapper\">\n<blockquote class=\"wp-embedded-content\" data-secret=\"TRIas3raYd\"><a href=\"https:\/\/covermagazin.com\/?p=25609\">Kako u\u017eivati u prolje\u0107u i pobijediti proljetni umor [ ZDRAVLJE ]<\/a><\/blockquote><iframe loading=\"lazy\" class=\"wp-embedded-content\" sandbox=\"allow-scripts\" security=\"restricted\" style=\"position: absolute; clip: rect(1px, 1px, 1px, 1px);\" title=\"&#8220;Kako u\u017eivati u prolje\u0107u i pobijediti proljetni umor [ ZDRAVLJE ]&#8221; &#8212; COVERmagazin.com\" src=\"https:\/\/covermagazin.com\/?p=25609&#038;embed=true#?secret=Lq0B8IemkT#?secret=TRIas3raYd\" data-secret=\"TRIas3raYd\" width=\"500\" height=\"282\" frameborder=\"0\" marginwidth=\"0\" marginheight=\"0\" scrolling=\"no\"><\/iframe>\n<\/div><\/figure>\n\n\n\n<p><a href=\"https:\/\/covermagazin.com\/?p=37700\">6 savjeta da se zaljubite ovog prolje\u0107a [ LJUBAV ] \u2013 COVER magazin.com<\/a><\/p>\n\n\n\n<p><a href=\"https:\/\/covermagazin.com\/?p=797\">Proljetno \u010di\u0161\u0107enje u skladu s Feng Shuiem \u2013 COVER magazin.com<\/a><\/p>\n\n\n\n<figure class=\"wp-block-embed is-type-wp-embed is-provider-covermagazin-com wp-block-embed-covermagazin-com\"><div class=\"wp-block-embed__wrapper\">\n<blockquote class=\"wp-embedded-content\" data-secret=\"wqNC6Lsq0r\"><a href=\"https:\/\/covermagazin.com\/?p=797\">Proljetno \u010di\u0161\u0107enje u skladu s Feng Shuiem za harmoniju u domu<\/a><\/blockquote><iframe loading=\"lazy\" class=\"wp-embedded-content\" sandbox=\"allow-scripts\" security=\"restricted\" style=\"position: absolute; clip: rect(1px, 1px, 1px, 1px);\" title=\"&#8220;Proljetno \u010di\u0161\u0107enje u skladu s Feng Shuiem za harmoniju u domu&#8221; &#8212; COVERmagazin.com\" src=\"https:\/\/covermagazin.com\/?p=797&#038;embed=true#?secret=Pgkf3PcFI2#?secret=wqNC6Lsq0r\" data-secret=\"wqNC6Lsq0r\" width=\"500\" height=\"282\" frameborder=\"0\" marginwidth=\"0\" marginheight=\"0\" scrolling=\"no\"><\/iframe>\n<\/div><\/figure>\n\n\n\n<p><a href=\"https:\/\/moda.covermagazin.com\/?p=18891\">5 najva\u017enijih modnih trendova za prolje\u0107e \u2013 Moda (covermagazin.com)<\/a><\/p>\n\n\n\n<figure class=\"wp-block-embed is-type-wp-embed is-provider-moda wp-block-embed-moda\"><div class=\"wp-block-embed__wrapper\">\n<blockquote class=\"wp-embedded-content\" data-secret=\"EjgsKh1OVp\"><a href=\"https:\/\/moda.covermagazin.com\/?p=18891\">5 najva\u017enijih modnih trendova za prolje\u0107e<\/a><\/blockquote><iframe loading=\"lazy\" class=\"wp-embedded-content\" sandbox=\"allow-scripts\" security=\"restricted\" style=\"position: absolute; clip: rect(1px, 1px, 1px, 1px);\" title=\"&#8220;5 najva\u017enijih modnih trendova za prolje\u0107e&#8221; &#8212; Moda \" src=\"https:\/\/moda.covermagazin.com\/?p=18891&#038;embed=true#?secret=rhQkWtb4Xa#?secret=EjgsKh1OVp\" data-secret=\"EjgsKh1OVp\" width=\"500\" height=\"282\" frameborder=\"0\" marginwidth=\"0\" marginheight=\"0\" scrolling=\"no\"><\/iframe>\n<\/div><\/figure>\n\n\n\n<p><a href=\"https:\/\/covermagazin.com\/?p=9729\">Sanjati PROLJE\u0106E \u2013 COVER magazin.com<\/a><\/p>\n\n\n\n<figure class=\"wp-block-embed is-type-wp-embed is-provider-covermagazin-com wp-block-embed-covermagazin-com\"><div class=\"wp-block-embed__wrapper\">\n<blockquote class=\"wp-embedded-content\" data-secret=\"EyOD6pdvcZ\"><a href=\"https:\/\/covermagazin.com\/?p=9729\">Sanjati PROLJE\u0106E- detaljno tuma\u010denje<\/a><\/blockquote><iframe loading=\"lazy\" class=\"wp-embedded-content\" sandbox=\"allow-scripts\" security=\"restricted\" style=\"position: absolute; clip: rect(1px, 1px, 1px, 1px);\" title=\"&#8220;Sanjati PROLJE\u0106E- detaljno tuma\u010denje&#8221; &#8212; COVERmagazin.com\" src=\"https:\/\/covermagazin.com\/?p=9729&#038;embed=true#?secret=ube3ogTPrh#?secret=EyOD6pdvcZ\" data-secret=\"EyOD6pdvcZ\" width=\"500\" height=\"282\" frameborder=\"0\" marginwidth=\"0\" marginheight=\"0\" scrolling=\"no\"><\/iframe>\n<\/div><\/figure>\n","protected":false},"excerpt":{"rendered":"<p>Za koliko dana je prolje\u0107e 2026. Prolje\u0107e je omiljeno godi\u0161nje doba mnogih ljudi. Prolje\u0107e ove godine zapo\u010dinje 20. o\u017eujka i zavr\u0161ava 20. lipnja kada po\u010dinje ljeto. Prolje\u0107e 2026. po\u010dinje 20.03.2026. Prolje\u0107e 2026. po\u010delo je prije dana. Iako ste vjerojatno u\u010dili kako prolje\u0107e po\u010dinje 21. o\u017eujka, \u010dinjenica da ove godine prolje\u0107e zapravo zapo\u010dinje 20. o\u017eujka mo\u017ee [&hellip;]<\/p>\n","protected":false},"author":1,"featured_media":51625,"comment_status":"closed","ping_status":"open","sticky":false,"template":"","format":"standard","meta":{"footnotes":"","_links_to":"","_links_to_target":""},"categories":[15],"tags":[275,226],"class_list":["post-51624","post","type-post","status-publish","format-standard","has-post-thumbnail","hentry","category-zanimljivo","tag-odbrojavanje","tag-proljece-cover"],"_links":{"self":[{"href":"https:\/\/covermagazin.com\/index.php?rest_route=\/wp\/v2\/posts\/51624","targetHints":{"allow":["GET"]}}],"collection":[{"href":"https:\/\/covermagazin.com\/index.php?rest_route=\/wp\/v2\/posts"}],"about":[{"href":"https:\/\/covermagazin.com\/index.php?rest_route=\/wp\/v2\/types\/post"}],"author":[{"embeddable":true,"href":"https:\/\/covermagazin.com\/index.php?rest_route=\/wp\/v2\/users\/1"}],"replies":[{"embeddable":true,"href":"https:\/\/covermagazin.com\/index.php?rest_route=%2Fwp%2Fv2%2Fcomments&post=51624"}],"version-history":[{"count":27,"href":"https:\/\/covermagazin.com\/index.php?rest_route=\/wp\/v2\/posts\/51624\/revisions"}],"predecessor-version":[{"id":77415,"href":"https:\/\/covermagazin.com\/index.php?rest_route=\/wp\/v2\/posts\/51624\/revisions\/77415"}],"wp:featuredmedia":[{"embeddable":true,"href":"https:\/\/covermagazin.com\/index.php?rest_route=\/wp\/v2\/media\/51625"}],"wp:attachment":[{"href":"https:\/\/covermagazin.com\/index.php?rest_route=%2Fwp%2Fv2%2Fmedia&parent=51624"}],"wp:term":[{"taxonomy":"category","embeddable":true,"href":"https:\/\/covermagazin.com\/index.php?rest_route=%2Fwp%2Fv2%2Fcategories&post=51624"},{"taxonomy":"post_tag","embeddable":true,"href":"https:\/\/covermagazin.com\/index.php?rest_route=%2Fwp%2Fv2%2Ftags&post=51624"}],"curies":[{"name":"wp","href":"https:\/\/api.w.org\/{rel}","templated":true}]}}