{"id":38263,"date":"2020-06-05T14:16:34","date_gmt":"2020-06-05T12:16:34","guid":{"rendered":"https:\/\/covermagazin.com\/?p=38263"},"modified":"2025-11-21T13:25:02","modified_gmt":"2025-11-21T11:25:02","slug":"imate-li-vremena-za-privatni-zivot","status":"publish","type":"post","link":"https:\/\/covermagazin.com\/?p=38263","title":{"rendered":"Imate li vremena za privatni \u017eivot? [ KARIJERA ]"},"content":{"rendered":"\n<h3 class=\"wp-block-heading\"><figure><a href=\"https:\/\/covermagazin.com\/wp-content\/uploads\/2020\/06\/Imate-li-vremena-za-privatni-\u017eivot.jpg\"><img loading=\"lazy\" decoding=\"async\" class=\"alignnone size-full wp-image-39344\" src=\"https:\/\/covermagazin.com\/wp-content\/uploads\/2020\/06\/Imate-li-vremena-za-privatni-\u017eivot.jpg\" alt=\"\" width=\"600\" height=\"400\" srcset=\"https:\/\/covermagazin.com\/wp-content\/uploads\/2020\/06\/Imate-li-vremena-za-privatni-\u017eivot.jpg 600w, https:\/\/covermagazin.com\/wp-content\/uploads\/2020\/06\/Imate-li-vremena-za-privatni-\u017eivot-300x200.jpg 300w, https:\/\/covermagazin.com\/wp-content\/uploads\/2020\/06\/Imate-li-vremena-za-privatni-\u017eivot-576x384.jpg 576w\" sizes=\"auto, (max-width: 600px) 100vw, 600px\" \/><\/a><\/figure><\/h3>\n\n\n\n<h3 class=\"wp-block-heading\">Imate li vremena za privatni \u017eivot?<\/h3>\n\n\n\n<p>Ako dnevno spavate osam sati, radite jo\u0161 osam, kako provodite onih osam \u0161to vam preostane?<\/p>\n\n\n\n<p>Meni se ponekad \u010dini da je upravo tih osam nekako najmanje. Dovoljno se naspavam, odem na posao i nakon \u0161to se vratim ku\u0107i, ve\u010deram, malo se prebacujem s kau\u010da na kau\u010d, pogledam tv, ( nakon \u0161to prevrtim sve programe i po tko zna koji put zaklju\u010dim kako ga uop\u0107e ne volim gledati) ve\u0107 je vrijeme za spavanje.<\/p>\n\n\n\n<p>Ponekad pomislim kako mi je onih osam sati na poslu puno du\u017ee i efikasnije, a ovo vrijeme popodne, nekakva priprema za onih osam sati sna.<\/p>\n\n\n\n<p>Ameri\u010dki nacionalni institut za karijeru, sigurnost i zdravlje, tako\u0111er se bavio tim problemom, zaklju\u010div\u0161i, da takav na\u010din provo\u0111enja slobodnog vremena znatno utje\u010de i na smanjenje efikasnosti na poslu.<\/p>\n\n\n\n<p>Ka\u017eu da je jednini na\u010din da se uspje\u0161no nosimo s poslovnim zahtjevima i s poslom povezanim stresom da imamo i zanimljiv i uravnote\u017een privatni \u017eivot. Nisu otkrili ni\u0161ta novo, svi mi znamo da bi trebalo \u017eivot organizirati na taj na\u010din.<\/p>\n\n\n\n<p><strong>Ali kako to posti\u0107i?! Evo njihovih prijedloga:<\/strong><\/p>\n\n\n\n<p>Ne optere\u0107ujte se onim na \u0161to ne mo\u017eete utjecati &#8211;&nbsp; Ovo je nekako i najte\u017ee ostvariti, ali poku\u0161ajte bez obzira na to \u0161to vam se de\u0161avalo na poslu, promatrati to sa stajali\u0161ta \u00abpa to je ipak samo posao\u00bb. Pa \u0161to ako vam se pokvario faks? Mo\u017eete nastaviti obavljati druge stvari i rije\u0161iti se zaostataka, ili mo\u017eete provesti cijeli dan \u017eiv\u010dani i ljuti. Izbor je va\u0161. Ali faks se ne\u0107e popraviti ni na jedan, ni na drugi na\u010din. Sve dok majstor ne do\u0111e\u2026.<\/p>\n\n\n\n<p><strong>Razvijajte interese koji nisu vezani uz posao<\/strong> \u2013 Po\u010dnite se baviti ru\u010dnom izradom nakita, vesti, slikati, kartati\u2026 Nemojte ovo shvatiti kao mogu\u0107nost dodatne zarade. Poku\u0161ajte izabrati ne\u0161to \u0161to volite, potpuno beskorisno. Ali ipak kada na kraju ve\u010deri mo\u017eete re\u0107i, da, danas sam napravila i nau\u0161nice, osjetit \u0107ete kako vam ve\u010deri idu sporije.<\/p>\n\n\n\n<p><strong>Pobrinite se da spavate i vje\u017ebate dovoljno<\/strong> &#8211;&nbsp; Ove dvije stvari i tako idu u kompletu. \u0160to ste aktivniji preko dana, bolje spavate, a \u0161to bolje spavate imate vi\u0161e energije za dnevne aktivnosti.<\/p>\n\n\n\n<p><strong>Poku\u0161ajte biti spontani<\/strong> &#8211;&nbsp; Radite ne\u0161to potpuno druga\u010dije i neo\u010dekivano. S posla svratite u galeriju u kojoj nikad prije niste bili. Morate biti spontani i svaki dan napraviti neku neo\u010dekivanu aktivnost. Otvorite novine i pogledajte \u0161to se sve nudi. Naviknite se izabrati uvijek ne\u0161to novo. Ba\u0161&nbsp; svaki dan.<\/p>\n\n\n\n<figure class=\"wp-block-embed is-type-wp-embed is-provider-covermagazin-com wp-block-embed-covermagazin-com\"><div class=\"wp-block-embed__wrapper\">\n<blockquote class=\"wp-embedded-content\" data-secret=\"8CYuPOjRch\"><a href=\"https:\/\/covermagazin.com\/?p=33467\">Uravnote\u017een \u017eivotni stil &#8211; Kako balansirati posao i obiteljske obveze [ SELFHELP ]<\/a><\/blockquote><iframe loading=\"lazy\" class=\"wp-embedded-content\" sandbox=\"allow-scripts\" security=\"restricted\" style=\"position: absolute; clip: rect(1px, 1px, 1px, 1px);\" title=\"&#8220;Uravnote\u017een \u017eivotni stil &#8211; Kako balansirati posao i obiteljske obveze [ SELFHELP ]&#8221; &#8212; COVERmagazin.com\" src=\"https:\/\/covermagazin.com\/?p=33467&#038;embed=true#?secret=yDlArm7AXw#?secret=8CYuPOjRch\" data-secret=\"8CYuPOjRch\" width=\"500\" height=\"282\" frameborder=\"0\" marginwidth=\"0\" marginheight=\"0\" scrolling=\"no\"><\/iframe>\n<\/div><\/figure>\n\n\n\n<p>&nbsp;<\/p>\n","protected":false},"excerpt":{"rendered":"<p>Imate li vremena za privatni \u017eivot? Ako dnevno spavate osam sati, radite jo\u0161 osam, kako provodite onih osam \u0161to vam preostane? Meni se ponekad \u010dini da je upravo tih osam nekako najmanje. Dovoljno se naspavam, odem na posao i nakon \u0161to se vratim ku\u0107i, ve\u010deram, malo se prebacujem s kau\u010da na kau\u010d, pogledam tv, ( [&hellip;]<\/p>\n","protected":false},"author":1,"featured_media":39344,"comment_status":"closed","ping_status":"open","sticky":false,"template":"","format":"standard","meta":{"footnotes":"","_links_to":"","_links_to_target":""},"categories":[11],"tags":[441,540,349,541,197,127],"class_list":["post-38263","post","type-post","status-publish","format-standard","has-post-thumbnail","hentry","category-karijera","tag-ciljevi","tag-kako-napredovati","tag-osobni-ciljevi-i-napredak","tag-pronaci-bolji-posao","tag-tjelovjezba-cover","tag-uspjeh"],"_links":{"self":[{"href":"https:\/\/covermagazin.com\/index.php?rest_route=\/wp\/v2\/posts\/38263","targetHints":{"allow":["GET"]}}],"collection":[{"href":"https:\/\/covermagazin.com\/index.php?rest_route=\/wp\/v2\/posts"}],"about":[{"href":"https:\/\/covermagazin.com\/index.php?rest_route=\/wp\/v2\/types\/post"}],"author":[{"embeddable":true,"href":"https:\/\/covermagazin.com\/index.php?rest_route=\/wp\/v2\/users\/1"}],"replies":[{"embeddable":true,"href":"https:\/\/covermagazin.com\/index.php?rest_route=%2Fwp%2Fv2%2Fcomments&post=38263"}],"version-history":[{"count":6,"href":"https:\/\/covermagazin.com\/index.php?rest_route=\/wp\/v2\/posts\/38263\/revisions"}],"predecessor-version":[{"id":76918,"href":"https:\/\/covermagazin.com\/index.php?rest_route=\/wp\/v2\/posts\/38263\/revisions\/76918"}],"wp:featuredmedia":[{"embeddable":true,"href":"https:\/\/covermagazin.com\/index.php?rest_route=\/wp\/v2\/media\/39344"}],"wp:attachment":[{"href":"https:\/\/covermagazin.com\/index.php?rest_route=%2Fwp%2Fv2%2Fmedia&parent=38263"}],"wp:term":[{"taxonomy":"category","embeddable":true,"href":"https:\/\/covermagazin.com\/index.php?rest_route=%2Fwp%2Fv2%2Fcategories&post=38263"},{"taxonomy":"post_tag","embeddable":true,"href":"https:\/\/covermagazin.com\/index.php?rest_route=%2Fwp%2Fv2%2Ftags&post=38263"}],"curies":[{"name":"wp","href":"https:\/\/api.w.org\/{rel}","templated":true}]}}