{"id":37932,"date":"2025-06-16T14:43:40","date_gmt":"2025-06-16T12:43:40","guid":{"rendered":"https:\/\/covermagazin.com\/?p=37932"},"modified":"2025-06-16T14:43:40","modified_gmt":"2025-06-16T12:43:40","slug":"46-najboljih-proizvoda-za-zastitu-kose-od-sunca-samponi-maske-i-sprejevi-za-more","status":"publish","type":"post","link":"https:\/\/covermagazin.com\/?p=37932","title":{"rendered":"Najbolji proizvodi za za\u0161titu kose od sunca &#8211; \u0161amponi, maske i sprejevi za more"},"content":{"rendered":"\n<p><a href=\"https:\/\/covermagazin.com\/wp-content\/uploads\/2020\/06\/46-najboljih-proizvoda-za-za\u0161titu-kose-od-sunca-\u0161amponi-maske-i-sprejevi-za-more.jpg\"><img loading=\"lazy\" decoding=\"async\" class=\"alignnone size-full wp-image-39863\" src=\"https:\/\/covermagazin.com\/wp-content\/uploads\/2020\/06\/46-najboljih-proizvoda-za-za\u0161titu-kose-od-sunca-\u0161amponi-maske-i-sprejevi-za-more.jpg\" alt=\"\" width=\"600\" height=\"400\" srcset=\"https:\/\/covermagazin.com\/wp-content\/uploads\/2020\/06\/46-najboljih-proizvoda-za-za\u0161titu-kose-od-sunca-\u0161amponi-maske-i-sprejevi-za-more.jpg 600w, https:\/\/covermagazin.com\/wp-content\/uploads\/2020\/06\/46-najboljih-proizvoda-za-za\u0161titu-kose-od-sunca-\u0161amponi-maske-i-sprejevi-za-more-300x200.jpg 300w, https:\/\/covermagazin.com\/wp-content\/uploads\/2020\/06\/46-najboljih-proizvoda-za-za\u0161titu-kose-od-sunca-\u0161amponi-maske-i-sprejevi-za-more-576x384.jpg 576w\" sizes=\"auto, (max-width: 600px) 100vw, 600px\" \/><\/a><\/p>\n\n\n\n<h2 class=\"wp-block-heading\">Najbolji proizvodi za za\u0161titu kose od sunca &#8211; \u0161amponi, maske i sprejevi za more<\/h2>\n\n\n\n<p>Osim lica i tijela ljeti treba \u0161titi i kosu. Ljeti je kosa izlo\u017eena suncu, toplini, moru, vjetru, kloru iz bazena&#8230; Upravo zbog toga trebalo bi dodatnu pa\u017enju posvetiti njezi kose.<br>Posebnu pa\u017enju treba obratiti ukoliko imate obojanu kosu, koja je zbog tretiranja bojama za kosu osjetljivija, ali i \u0161to pod svim ti utjecajima boja br\u017ee blijedi i gubi sjaj. No, sli\u010dni problemi se pojavljuju i sa suhom i o\u0161te\u0107enom kosom. Ukoliko se ljeti ne za\u0161titi dodatno mo\u017ee do\u0107i do dodatnih o\u0161te\u0107enja ili izra\u017eenije suho\u0107e kose.<\/p>\n\n\n\n<h3 class=\"wp-block-heading\"><strong>Najbolji sprejevi za za\u0161titu kose od sunca i njegu<\/strong><\/h3>\n\n\n\n<p>Sprejevi za kosu za za\u0161titu od sunca mogu se koristiti na pla\u017ei, ali i svakodnevno kada se provodi vi\u0161e vremena na otvorenom odnosno na suncu. <\/p>\n\n\n\n<p>Joico Defy Damage Protective Shield<br>Phyto Phytoplage Protective Sun Veil<br>Bumble And Bumble Hairdresser&#8217;S Invisible Oil Heat\/Uv Protective Primer<br>Clarins Sun Care Body &amp; Hair Oil Mist SPF30<br>Ultrasun Uv Hair Protector<br>Beauty Works After Sun Uv Spray<br>Aveda Sun Care Protective Hair Veil<br>Institut Esthederm Sun Care Oil Strong Sun<br>System Professional Solar Sun Oil<br>Oribe Apr\u00e8s Beach Wave And Shine Spray<br>Sachajuan Hair After The Sun<br>Payot Sunny Huile De R\u00eave The Sublimating Tan Effect Body And Hair Spf15<br>Nuxe Sun Moisturizing Protective Milky Oil For Hair<\/p>\n\n\n\n<h3 class=\"wp-block-heading\"><strong>Profesionalni sprejevi sprejevi za za\u0161titu kose od sunca i njegu<\/strong><\/h3>\n\n\n\n<p>Wella SP UV Protection Spray<br>K\u00e9rastase Soleil Cr\u00e8me UV Sublime<br>Tigi Bed Head Beach Bound Protection Spray<br>Londa Sun Spark Leave-In Conditioning Lotion<br>Schwarzkopf BC Sun Prep &amp; Protection Spritz<br>K\u00e9rastase Soleil Huile Sirene<br>Goldwell Dualsenses Sun Reflects UV Spray<br>Schwarzkopf BC Sun Conditioner Cream<br>Tigi Bed Head Beach Freak Detangler Spray<br>Wella Sp After Sun Fluid<br>L&#8217;Or\u00e9al Professionnel Serie Expert Solar Sublime Uv Filter Spray<br>Wella Professionals Invigo Sun Uv Hair Color Protection Spray<\/p>\n\n\n\n<h3 class=\"wp-block-heading\"><strong>Izdvojili smo najbolje \u0161ampone, maske i regeneratore za za\u0161titu kose od sunca<\/strong><\/h3>\n\n\n\n<p>Aveda Sun Care After Sun Hair &amp; Body Cleanser<br>Biolage Sunsorials After Sun Shampoo Sun Protect Shampoo for Sun Exposed Hair<br>Nuxe Sun After-Sun Hair &amp; Body Shampoo<br>Phyto Phytoplage After-Sun Remoisturizing Shampoo<br>Biolage Sunsorials Aftersyn Protection Treatment Mask For Sun Exposed Hair<br>Joico Defy Damage Protective Masque<br>Phyto Phytoplage After-Sun Repairing Mask<br>Klorane Sun Radiance Rich Restorative Conditioner With Ylang-Ylang<\/p>\n\n\n\n<h3 class=\"wp-block-heading\">Drogerijski \u0161amponi, maske i regeneratori za za\u0161titu kose od sunca i njegu poslije:<\/h3>\n\n\n\n<p>Balea Professional Shampoo + Sp\u00fclung After Sun 2in1<br>Alpecin Haarwasser Kopfhaut Sun-Liquid mit Coffein<br>Balea Professional Air Dry Cream After Sun<br>Lavozon Haarschutzspray<br>Olival Sun Hair za\u0161titni sprej za kosu<\/p>\n\n\n\n<h3 class=\"wp-block-heading\"><strong>Profesionalni \u0161amponi, maske i regeneratori za za\u0161titu kose od sunca i njegu poslije:<\/strong><\/h3>\n\n\n\n<p>K\u00e9rastase Bain Apr\u00e8s-Soleil<br>Goldwell Dualsenses Sun Reflects After-Sun Shampoo<br>Tigi Bed Head Totally Beachin Shampoo<br>L&#8217;Or\u00e9al Professionnel Serie Expert Solar Sublime UV Filter Shampoo<br>Wella Professionals INVIGO After Sun Cleansing Hair &amp; Shampoo<br>Goldwell Dualsenses Sun Reflects 60s Treatment<br>Tigi Bed Head Totally Beachin Conditioner<br>Wella SP After Sun Conditioner<\/p>\n\n\n\n<p>Sunce ima pozitivnih efekata na organizam, ali i negativnih. UV zrake prodiru u dlaku i mogu izazvati o\u0161te\u0107enja kao i gubitak pigmenata. One utje\u010du i na melanin u kosi te \u010desto tijekom ljeta kosa postaje svjetlija.<\/p>\n\n\n\n<p>Ljeti bi bilo bolje smanjiti kemijske tretmane kose kako bi se smanjila dodatna o\u0161te\u0107enja. Zbog toplog vremena mnogi manje koriste su\u0161ila za kosu, ali istovremeno manje koriste i proizvode za njegu kose. Regeneratori i maske mogu i ljeti pomo\u0107i kosi da ostane svje\u017ea i lepr\u0161ava, te smanjiti mogu\u0107nost suhe kose i lomljenja kose. Regeneratori koji se ne ispiru tako\u0111er mogu pomo\u0107i, posebno kada se \u010de\u0161\u0107e pliva te je kosa dodatno izlo\u017eena morskoj soli.<\/p>\n\n\n\n<p>Ako ljeti \u010de\u0161\u0107e perete kosu, birajte nje\u017enije \u0161ampone i koristit manje koli\u010dine \u0161ampona. <\/p>\n\n\n\n<p><strong>Pro\u010ditajte i:<\/strong><\/p>\n\n\n\n<figure class=\"wp-block-embed is-type-wp-embed is-provider-cover-magazin-com wp-block-embed-cover-magazin-com\"><div class=\"wp-block-embed__wrapper\">\n<blockquote class=\"wp-embedded-content\" data-secret=\"hrIU9lqXrw\"><a href=\"https:\/\/covermagazin.com\/?page_id=29594\">PROBLEMI S KOSOM &#8211; 30 rje\u0161enja za u\u010destale probleme s kosom<\/a><\/blockquote><iframe loading=\"lazy\" class=\"wp-embedded-content\" sandbox=\"allow-scripts\" security=\"restricted\" style=\"position: absolute; clip: rect(1px, 1px, 1px, 1px);\" title=\"&#8220;PROBLEMI S KOSOM &#8211; 30 rje\u0161enja za u\u010destale probleme s kosom&#8221; &#8212; COVERmagazin.com\" src=\"https:\/\/covermagazin.com\/?page_id=29594&#038;embed=true#?secret=ys0GoQpKKa#?secret=hrIU9lqXrw\" data-secret=\"hrIU9lqXrw\" width=\"500\" height=\"282\" frameborder=\"0\" marginwidth=\"0\" marginheight=\"0\" scrolling=\"no\"><\/iframe>\n<\/div><\/figure>\n","protected":false},"excerpt":{"rendered":"<p>Najbolji proizvodi za za\u0161titu kose od sunca &#8211; \u0161amponi, maske i sprejevi za more Osim lica i tijela ljeti treba \u0161titi i kosu. Ljeti je kosa izlo\u017eena suncu, toplini, moru, vjetru, kloru iz bazena&#8230; Upravo zbog toga trebalo bi dodatnu pa\u017enju posvetiti njezi kose.Posebnu pa\u017enju treba obratiti ukoliko imate obojanu kosu, koja je zbog tretiranja [&hellip;]<\/p>\n","protected":false},"author":1,"featured_media":56141,"comment_status":"closed","ping_status":"open","sticky":false,"template":"","format":"standard","meta":{"footnotes":"","_links_to":"","_links_to_target":""},"categories":[138],"tags":[],"class_list":["post-37932","post","type-post","status-publish","format-standard","has-post-thumbnail","hentry","category-kosa"],"_links":{"self":[{"href":"https:\/\/covermagazin.com\/index.php?rest_route=\/wp\/v2\/posts\/37932","targetHints":{"allow":["GET"]}}],"collection":[{"href":"https:\/\/covermagazin.com\/index.php?rest_route=\/wp\/v2\/posts"}],"about":[{"href":"https:\/\/covermagazin.com\/index.php?rest_route=\/wp\/v2\/types\/post"}],"author":[{"embeddable":true,"href":"https:\/\/covermagazin.com\/index.php?rest_route=\/wp\/v2\/users\/1"}],"replies":[{"embeddable":true,"href":"https:\/\/covermagazin.com\/index.php?rest_route=%2Fwp%2Fv2%2Fcomments&post=37932"}],"version-history":[{"count":6,"href":"https:\/\/covermagazin.com\/index.php?rest_route=\/wp\/v2\/posts\/37932\/revisions"}],"predecessor-version":[{"id":75893,"href":"https:\/\/covermagazin.com\/index.php?rest_route=\/wp\/v2\/posts\/37932\/revisions\/75893"}],"wp:featuredmedia":[{"embeddable":true,"href":"https:\/\/covermagazin.com\/index.php?rest_route=\/wp\/v2\/media\/56141"}],"wp:attachment":[{"href":"https:\/\/covermagazin.com\/index.php?rest_route=%2Fwp%2Fv2%2Fmedia&parent=37932"}],"wp:term":[{"taxonomy":"category","embeddable":true,"href":"https:\/\/covermagazin.com\/index.php?rest_route=%2Fwp%2Fv2%2Fcategories&post=37932"},{"taxonomy":"post_tag","embeddable":true,"href":"https:\/\/covermagazin.com\/index.php?rest_route=%2Fwp%2Fv2%2Ftags&post=37932"}],"curies":[{"name":"wp","href":"https:\/\/api.w.org\/{rel}","templated":true}]}}